{"id":1434,"date":"2025-09-26T17:05:39","date_gmt":"2025-09-26T16:05:39","guid":{"rendered":"https:\/\/wp.sherparally.hu\/?p=1434"},"modified":"2025-09-26T17:08:33","modified_gmt":"2025-09-26T16:08:33","slug":"szemetszedes2025","status":"publish","type":"post","link":"https:\/\/wp.sherparally.hu\/index.php\/2025\/09\/26\/szemetszedes2025\/","title":{"rendered":"Szem\u00e9tszed\u00e9st szervez\u00fcnk az Eged- Hegyen \u00e9s k\u00f6rny\u00e9k\u00e9n!"},"content":{"rendered":"<p>&nbsp;<\/p>\n<p><strong>TISZT\u00cdTSUK MEG AZ EGED-HEGYET!<\/strong><\/p>\n<p>A Teambuilding Sportegyes\u00fclet \u00e9s az<br \/>\nAgricum Turisztikai \u00e9s Term\u00e9szetv\u00e9delmi Egyes\u00fclet,<br \/>\nk\u00f6z\u00f6s \u00f6sszefog\u00e1ssal <strong>szem\u00e9tszed\u00e9st szervez az Eged- Hegyen \u00e9s k\u00f6rny\u00e9k\u00e9n.<\/strong><\/p>\n<p><strong>2025.09.28.<\/strong>-\u00e9n, vas\u00e1rnap.<\/p>\n<p><strong><em>Minden \u00f6nk\u00e9ntest szeretettel v\u00e1runk!<\/em><\/strong><\/p>\n<ul>\n<li><strong>Gy\u00fclekez\u0151: Kiseged-d\u0171l\u0151ben 9:00 \u00f3rai kezd\u00e9ssel.<\/strong><\/li>\n<li>Az egyes\u00fcletek biztos\u00edtj\u00e1k a munk\u00e1hoz szemeteszs\u00e1kot,<\/li>\n<li>illetve gondoskodnak az \u00f6sszegy\u0171jt\u00f6tt hullad\u00e9k elsz\u00e1ll\u00edt\u00e1s\u00e1r\u00f3l.<\/li>\n<li>Inform\u00e1ci\u00f3: 06\/209 407 407, 06\/30 742 7471<\/li>\n<\/ul>\n<p>&nbsp;<\/p>\n<p>pdf:<br \/>\n<a href=\"https:\/\/wp.sherparally.hu\/wp-content\/uploads\/2025\/09\/TISZTITSUK-MEG-AZ-EGEDET_2025.pdf\">TISZT\u00cdTSUK MEG AZ EGEDET_2025<\/a><\/p>\n","protected":false},"excerpt":{"rendered":"<p>&nbsp; TISZT\u00cdTSUK MEG AZ EGED-HEGYET! A Teambuilding Sportegyes\u00fclet \u00e9s az Agricum Turisztikai \u00e9s Term\u00e9szetv\u00e9delmi Egyes\u00fclet, k\u00f6z\u00f6s \u00f6sszefog\u00e1ssal szem\u00e9tszed\u00e9st szervez az Eged- Hegyen \u00e9s k\u00f6rny\u00e9k\u00e9n. 2025.09.28.-\u00e9n,&hellip;<\/p>\n","protected":false},"author":2,"featured_media":1436,"comment_status":"open","ping_status":"closed","sticky":false,"template":"","format":"standard","meta":{"footnotes":""},"categories":[1],"tags":[],"class_list":["post-1434","post","type-post","status-publish","format-standard","has-post-thumbnail","hentry","category-uncategorized"],"yoast_head":"<!-- This site is optimized with the Yoast SEO plugin v27.5 - https:\/\/yoast.com\/product\/yoast-seo-wordpress\/ -->\n<title>Szem\u00e9tszed\u00e9st szervez\u00fcnk az Eged- Hegyen \u00e9s k\u00f6rny\u00e9k\u00e9n! - Sherpa Rally<\/title>\n<meta name=\"robots\" content=\"index, follow, max-snippet:-1, max-image-preview:large, max-video-preview:-1\" \/>\n<link rel=\"canonical\" href=\"https:\/\/wp.sherparally.hu\/index.php\/2025\/09\/26\/szemetszedes2025\/\" \/>\n<meta property=\"og:locale\" content=\"hu_HU\" \/>\n<meta property=\"og:type\" content=\"article\" \/>\n<meta property=\"og:title\" content=\"Szem\u00e9tszed\u00e9st szervez\u00fcnk az Eged- Hegyen \u00e9s k\u00f6rny\u00e9k\u00e9n! - Sherpa Rally\" \/>\n<meta property=\"og:description\" content=\"&nbsp; TISZT\u00cdTSUK MEG AZ EGED-HEGYET! A Teambuilding Sportegyes\u00fclet \u00e9s az Agricum Turisztikai \u00e9s Term\u00e9szetv\u00e9delmi Egyes\u00fclet, k\u00f6z\u00f6s \u00f6sszefog\u00e1ssal szem\u00e9tszed\u00e9st szervez az Eged- Hegyen \u00e9s k\u00f6rny\u00e9k\u00e9n. 2025.09.28.-\u00e9n,&hellip;\" \/>\n<meta property=\"og:url\" content=\"https:\/\/wp.sherparally.hu\/index.php\/2025\/09\/26\/szemetszedes2025\/\" \/>\n<meta property=\"og:site_name\" content=\"Sherpa Rally\" \/>\n<meta property=\"article:published_time\" content=\"2025-09-26T16:05:39+00:00\" \/>\n<meta property=\"article:modified_time\" content=\"2025-09-26T16:08:33+00:00\" \/>\n<meta property=\"og:image\" content=\"https:\/\/wp.sherparally.hu\/wp-content\/uploads\/2025\/09\/Kepkivagas.webp\" \/>\n\t<meta property=\"og:image:width\" content=\"1099\" \/>\n\t<meta property=\"og:image:height\" content=\"1552\" \/>\n\t<meta property=\"og:image:type\" content=\"image\/png\" \/>\n<meta name=\"author\" content=\"J\u00e1rd\u00e1n Zsolt\" \/>\n<meta name=\"twitter:card\" content=\"summary_large_image\" \/>\n<meta name=\"twitter:label1\" content=\"Szerz\u0151:\" \/>\n\t<meta name=\"twitter:data1\" content=\"J\u00e1rd\u00e1n Zsolt\" \/>\n\t<meta name=\"twitter:label2\" content=\"Becs\u00fclt olvas\u00e1si id\u0151\" \/>\n\t<meta name=\"twitter:data2\" content=\"1 perc\" \/>\n<script type=\"application\/ld+json\" class=\"yoast-schema-graph\">{\"@context\":\"https:\\\/\\\/schema.org\",\"@graph\":[{\"@type\":\"Article\",\"@id\":\"https:\\\/\\\/wp.sherparally.hu\\\/index.php\\\/2025\\\/09\\\/26\\\/szemetszedes2025\\\/#article\",\"isPartOf\":{\"@id\":\"https:\\\/\\\/wp.sherparally.hu\\\/index.php\\\/2025\\\/09\\\/26\\\/szemetszedes2025\\\/\"},\"author\":{\"name\":\"J\u00e1rd\u00e1n Zsolt\",\"@id\":\"https:\\\/\\\/wp.sherparally.hu\\\/#\\\/schema\\\/person\\\/dce8544dc1e95b69ce15abe4e3b7f057\"},\"headline\":\"Szem\u00e9tszed\u00e9st szervez\u00fcnk az Eged- Hegyen \u00e9s k\u00f6rny\u00e9k\u00e9n!\",\"datePublished\":\"2025-09-26T16:05:39+00:00\",\"dateModified\":\"2025-09-26T16:08:33+00:00\",\"mainEntityOfPage\":{\"@id\":\"https:\\\/\\\/wp.sherparally.hu\\\/index.php\\\/2025\\\/09\\\/26\\\/szemetszedes2025\\\/\"},\"wordCount\":102,\"commentCount\":0,\"publisher\":{\"@id\":\"https:\\\/\\\/wp.sherparally.hu\\\/#organization\"},\"image\":{\"@id\":\"https:\\\/\\\/wp.sherparally.hu\\\/index.php\\\/2025\\\/09\\\/26\\\/szemetszedes2025\\\/#primaryimage\"},\"thumbnailUrl\":\"https:\\\/\\\/wp.sherparally.hu\\\/wp-content\\\/uploads\\\/2025\\\/09\\\/Kepkivagas.webp\",\"articleSection\":[\"Uncategorized\"],\"inLanguage\":\"hu\",\"potentialAction\":[{\"@type\":\"CommentAction\",\"name\":\"Comment\",\"target\":[\"https:\\\/\\\/wp.sherparally.hu\\\/index.php\\\/2025\\\/09\\\/26\\\/szemetszedes2025\\\/#respond\"]}]},{\"@type\":\"WebPage\",\"@id\":\"https:\\\/\\\/wp.sherparally.hu\\\/index.php\\\/2025\\\/09\\\/26\\\/szemetszedes2025\\\/\",\"url\":\"https:\\\/\\\/wp.sherparally.hu\\\/index.php\\\/2025\\\/09\\\/26\\\/szemetszedes2025\\\/\",\"name\":\"Szem\u00e9tszed\u00e9st szervez\u00fcnk az Eged- Hegyen \u00e9s k\u00f6rny\u00e9k\u00e9n! - Sherpa Rally\",\"isPartOf\":{\"@id\":\"https:\\\/\\\/wp.sherparally.hu\\\/#website\"},\"primaryImageOfPage\":{\"@id\":\"https:\\\/\\\/wp.sherparally.hu\\\/index.php\\\/2025\\\/09\\\/26\\\/szemetszedes2025\\\/#primaryimage\"},\"image\":{\"@id\":\"https:\\\/\\\/wp.sherparally.hu\\\/index.php\\\/2025\\\/09\\\/26\\\/szemetszedes2025\\\/#primaryimage\"},\"thumbnailUrl\":\"https:\\\/\\\/wp.sherparally.hu\\\/wp-content\\\/uploads\\\/2025\\\/09\\\/Kepkivagas.webp\",\"datePublished\":\"2025-09-26T16:05:39+00:00\",\"dateModified\":\"2025-09-26T16:08:33+00:00\",\"breadcrumb\":{\"@id\":\"https:\\\/\\\/wp.sherparally.hu\\\/index.php\\\/2025\\\/09\\\/26\\\/szemetszedes2025\\\/#breadcrumb\"},\"inLanguage\":\"hu\",\"potentialAction\":[{\"@type\":\"ReadAction\",\"target\":[\"https:\\\/\\\/wp.sherparally.hu\\\/index.php\\\/2025\\\/09\\\/26\\\/szemetszedes2025\\\/\"]}]},{\"@type\":\"ImageObject\",\"inLanguage\":\"hu\",\"@id\":\"https:\\\/\\\/wp.sherparally.hu\\\/index.php\\\/2025\\\/09\\\/26\\\/szemetszedes2025\\\/#primaryimage\",\"url\":\"https:\\\/\\\/wp.sherparally.hu\\\/wp-content\\\/uploads\\\/2025\\\/09\\\/Kepkivagas.webp\",\"contentUrl\":\"https:\\\/\\\/wp.sherparally.hu\\\/wp-content\\\/uploads\\\/2025\\\/09\\\/Kepkivagas.webp\",\"width\":1099,\"height\":1552},{\"@type\":\"BreadcrumbList\",\"@id\":\"https:\\\/\\\/wp.sherparally.hu\\\/index.php\\\/2025\\\/09\\\/26\\\/szemetszedes2025\\\/#breadcrumb\",\"itemListElement\":[{\"@type\":\"ListItem\",\"position\":1,\"name\":\"Kezd\u0151lap\",\"item\":\"https:\\\/\\\/wp.sherparally.hu\\\/\"},{\"@type\":\"ListItem\",\"position\":2,\"name\":\"Szem\u00e9tszed\u00e9st szervez\u00fcnk az Eged- Hegyen \u00e9s k\u00f6rny\u00e9k\u00e9n!\"}]},{\"@type\":\"WebSite\",\"@id\":\"https:\\\/\\\/wp.sherparally.hu\\\/#website\",\"url\":\"https:\\\/\\\/wp.sherparally.hu\\\/\",\"name\":\"Sherpa Rally\",\"description\":\"\",\"publisher\":{\"@id\":\"https:\\\/\\\/wp.sherparally.hu\\\/#organization\"},\"potentialAction\":[{\"@type\":\"SearchAction\",\"target\":{\"@type\":\"EntryPoint\",\"urlTemplate\":\"https:\\\/\\\/wp.sherparally.hu\\\/?s={search_term_string}\"},\"query-input\":{\"@type\":\"PropertyValueSpecification\",\"valueRequired\":true,\"valueName\":\"search_term_string\"}}],\"inLanguage\":\"hu\"},{\"@type\":\"Organization\",\"@id\":\"https:\\\/\\\/wp.sherparally.hu\\\/#organization\",\"name\":\"Sherpa Rally\",\"url\":\"https:\\\/\\\/wp.sherparally.hu\\\/\",\"logo\":{\"@type\":\"ImageObject\",\"inLanguage\":\"hu\",\"@id\":\"https:\\\/\\\/wp.sherparally.hu\\\/#\\\/schema\\\/logo\\\/image\\\/\",\"url\":\"https:\\\/\\\/wp.sherparally.hu\\\/wp-content\\\/uploads\\\/2024\\\/10\\\/logo.png\",\"contentUrl\":\"https:\\\/\\\/wp.sherparally.hu\\\/wp-content\\\/uploads\\\/2024\\\/10\\\/logo.png\",\"width\":2500,\"height\":500,\"caption\":\"Sherpa Rally\"},\"image\":{\"@id\":\"https:\\\/\\\/wp.sherparally.hu\\\/#\\\/schema\\\/logo\\\/image\\\/\"}},{\"@type\":\"Person\",\"@id\":\"https:\\\/\\\/wp.sherparally.hu\\\/#\\\/schema\\\/person\\\/dce8544dc1e95b69ce15abe4e3b7f057\",\"name\":\"J\u00e1rd\u00e1n Zsolt\",\"image\":{\"@type\":\"ImageObject\",\"inLanguage\":\"hu\",\"@id\":\"https:\\\/\\\/secure.gravatar.com\\\/avatar\\\/3ec26445b086b36aee6fef73fdba0456f097bc646bf30aa2be9572ed39f41b2c?s=96&d=mm&r=g\",\"url\":\"https:\\\/\\\/secure.gravatar.com\\\/avatar\\\/3ec26445b086b36aee6fef73fdba0456f097bc646bf30aa2be9572ed39f41b2c?s=96&d=mm&r=g\",\"contentUrl\":\"https:\\\/\\\/secure.gravatar.com\\\/avatar\\\/3ec26445b086b36aee6fef73fdba0456f097bc646bf30aa2be9572ed39f41b2c?s=96&d=mm&r=g\",\"caption\":\"J\u00e1rd\u00e1n Zsolt\"},\"url\":\"https:\\\/\\\/wp.sherparally.hu\\\/index.php\\\/author\\\/zsjardan\\\/\"}]}<\/script>\n<!-- \/ Yoast SEO plugin. -->","yoast_head_json":{"title":"Szem\u00e9tszed\u00e9st szervez\u00fcnk az Eged- Hegyen \u00e9s k\u00f6rny\u00e9k\u00e9n! - Sherpa Rally","robots":{"index":"index","follow":"follow","max-snippet":"max-snippet:-1","max-image-preview":"max-image-preview:large","max-video-preview":"max-video-preview:-1"},"canonical":"https:\/\/wp.sherparally.hu\/index.php\/2025\/09\/26\/szemetszedes2025\/","og_locale":"hu_HU","og_type":"article","og_title":"Szem\u00e9tszed\u00e9st szervez\u00fcnk az Eged- Hegyen \u00e9s k\u00f6rny\u00e9k\u00e9n! - Sherpa Rally","og_description":"&nbsp; TISZT\u00cdTSUK MEG AZ EGED-HEGYET! A Teambuilding Sportegyes\u00fclet \u00e9s az Agricum Turisztikai \u00e9s Term\u00e9szetv\u00e9delmi Egyes\u00fclet, k\u00f6z\u00f6s \u00f6sszefog\u00e1ssal szem\u00e9tszed\u00e9st szervez az Eged- Hegyen \u00e9s k\u00f6rny\u00e9k\u00e9n. 2025.09.28.-\u00e9n,&hellip;","og_url":"https:\/\/wp.sherparally.hu\/index.php\/2025\/09\/26\/szemetszedes2025\/","og_site_name":"Sherpa Rally","article_published_time":"2025-09-26T16:05:39+00:00","article_modified_time":"2025-09-26T16:08:33+00:00","og_image":[{"width":1099,"height":1552,"url":"https:\/\/wp.sherparally.hu\/wp-content\/uploads\/2025\/09\/Kepkivagas.webp","type":"image\/png"}],"author":"J\u00e1rd\u00e1n Zsolt","twitter_card":"summary_large_image","twitter_misc":{"Szerz\u0151:":"J\u00e1rd\u00e1n Zsolt","Becs\u00fclt olvas\u00e1si id\u0151":"1 perc"},"schema":{"@context":"https:\/\/schema.org","@graph":[{"@type":"Article","@id":"https:\/\/wp.sherparally.hu\/index.php\/2025\/09\/26\/szemetszedes2025\/#article","isPartOf":{"@id":"https:\/\/wp.sherparally.hu\/index.php\/2025\/09\/26\/szemetszedes2025\/"},"author":{"name":"J\u00e1rd\u00e1n Zsolt","@id":"https:\/\/wp.sherparally.hu\/#\/schema\/person\/dce8544dc1e95b69ce15abe4e3b7f057"},"headline":"Szem\u00e9tszed\u00e9st szervez\u00fcnk az Eged- Hegyen \u00e9s k\u00f6rny\u00e9k\u00e9n!","datePublished":"2025-09-26T16:05:39+00:00","dateModified":"2025-09-26T16:08:33+00:00","mainEntityOfPage":{"@id":"https:\/\/wp.sherparally.hu\/index.php\/2025\/09\/26\/szemetszedes2025\/"},"wordCount":102,"commentCount":0,"publisher":{"@id":"https:\/\/wp.sherparally.hu\/#organization"},"image":{"@id":"https:\/\/wp.sherparally.hu\/index.php\/2025\/09\/26\/szemetszedes2025\/#primaryimage"},"thumbnailUrl":"https:\/\/wp.sherparally.hu\/wp-content\/uploads\/2025\/09\/Kepkivagas.webp","articleSection":["Uncategorized"],"inLanguage":"hu","potentialAction":[{"@type":"CommentAction","name":"Comment","target":["https:\/\/wp.sherparally.hu\/index.php\/2025\/09\/26\/szemetszedes2025\/#respond"]}]},{"@type":"WebPage","@id":"https:\/\/wp.sherparally.hu\/index.php\/2025\/09\/26\/szemetszedes2025\/","url":"https:\/\/wp.sherparally.hu\/index.php\/2025\/09\/26\/szemetszedes2025\/","name":"Szem\u00e9tszed\u00e9st szervez\u00fcnk az Eged- Hegyen \u00e9s k\u00f6rny\u00e9k\u00e9n! - Sherpa Rally","isPartOf":{"@id":"https:\/\/wp.sherparally.hu\/#website"},"primaryImageOfPage":{"@id":"https:\/\/wp.sherparally.hu\/index.php\/2025\/09\/26\/szemetszedes2025\/#primaryimage"},"image":{"@id":"https:\/\/wp.sherparally.hu\/index.php\/2025\/09\/26\/szemetszedes2025\/#primaryimage"},"thumbnailUrl":"https:\/\/wp.sherparally.hu\/wp-content\/uploads\/2025\/09\/Kepkivagas.webp","datePublished":"2025-09-26T16:05:39+00:00","dateModified":"2025-09-26T16:08:33+00:00","breadcrumb":{"@id":"https:\/\/wp.sherparally.hu\/index.php\/2025\/09\/26\/szemetszedes2025\/#breadcrumb"},"inLanguage":"hu","potentialAction":[{"@type":"ReadAction","target":["https:\/\/wp.sherparally.hu\/index.php\/2025\/09\/26\/szemetszedes2025\/"]}]},{"@type":"ImageObject","inLanguage":"hu","@id":"https:\/\/wp.sherparally.hu\/index.php\/2025\/09\/26\/szemetszedes2025\/#primaryimage","url":"https:\/\/wp.sherparally.hu\/wp-content\/uploads\/2025\/09\/Kepkivagas.webp","contentUrl":"https:\/\/wp.sherparally.hu\/wp-content\/uploads\/2025\/09\/Kepkivagas.webp","width":1099,"height":1552},{"@type":"BreadcrumbList","@id":"https:\/\/wp.sherparally.hu\/index.php\/2025\/09\/26\/szemetszedes2025\/#breadcrumb","itemListElement":[{"@type":"ListItem","position":1,"name":"Kezd\u0151lap","item":"https:\/\/wp.sherparally.hu\/"},{"@type":"ListItem","position":2,"name":"Szem\u00e9tszed\u00e9st szervez\u00fcnk az Eged- Hegyen \u00e9s k\u00f6rny\u00e9k\u00e9n!"}]},{"@type":"WebSite","@id":"https:\/\/wp.sherparally.hu\/#website","url":"https:\/\/wp.sherparally.hu\/","name":"Sherpa Rally","description":"","publisher":{"@id":"https:\/\/wp.sherparally.hu\/#organization"},"potentialAction":[{"@type":"SearchAction","target":{"@type":"EntryPoint","urlTemplate":"https:\/\/wp.sherparally.hu\/?s={search_term_string}"},"query-input":{"@type":"PropertyValueSpecification","valueRequired":true,"valueName":"search_term_string"}}],"inLanguage":"hu"},{"@type":"Organization","@id":"https:\/\/wp.sherparally.hu\/#organization","name":"Sherpa Rally","url":"https:\/\/wp.sherparally.hu\/","logo":{"@type":"ImageObject","inLanguage":"hu","@id":"https:\/\/wp.sherparally.hu\/#\/schema\/logo\/image\/","url":"https:\/\/wp.sherparally.hu\/wp-content\/uploads\/2024\/10\/logo.png","contentUrl":"https:\/\/wp.sherparally.hu\/wp-content\/uploads\/2024\/10\/logo.png","width":2500,"height":500,"caption":"Sherpa Rally"},"image":{"@id":"https:\/\/wp.sherparally.hu\/#\/schema\/logo\/image\/"}},{"@type":"Person","@id":"https:\/\/wp.sherparally.hu\/#\/schema\/person\/dce8544dc1e95b69ce15abe4e3b7f057","name":"J\u00e1rd\u00e1n Zsolt","image":{"@type":"ImageObject","inLanguage":"hu","@id":"https:\/\/secure.gravatar.com\/avatar\/3ec26445b086b36aee6fef73fdba0456f097bc646bf30aa2be9572ed39f41b2c?s=96&d=mm&r=g","url":"https:\/\/secure.gravatar.com\/avatar\/3ec26445b086b36aee6fef73fdba0456f097bc646bf30aa2be9572ed39f41b2c?s=96&d=mm&r=g","contentUrl":"https:\/\/secure.gravatar.com\/avatar\/3ec26445b086b36aee6fef73fdba0456f097bc646bf30aa2be9572ed39f41b2c?s=96&d=mm&r=g","caption":"J\u00e1rd\u00e1n Zsolt"},"url":"https:\/\/wp.sherparally.hu\/index.php\/author\/zsjardan\/"}]}},"jetpack_featured_media_url":"https:\/\/wp.sherparally.hu\/wp-content\/uploads\/2025\/09\/Kepkivagas.webp","_links":{"self":[{"href":"https:\/\/wp.sherparally.hu\/index.php\/wp-json\/wp\/v2\/posts\/1434","targetHints":{"allow":["GET"]}}],"collection":[{"href":"https:\/\/wp.sherparally.hu\/index.php\/wp-json\/wp\/v2\/posts"}],"about":[{"href":"https:\/\/wp.sherparally.hu\/index.php\/wp-json\/wp\/v2\/types\/post"}],"author":[{"embeddable":true,"href":"https:\/\/wp.sherparally.hu\/index.php\/wp-json\/wp\/v2\/users\/2"}],"replies":[{"embeddable":true,"href":"https:\/\/wp.sherparally.hu\/index.php\/wp-json\/wp\/v2\/comments?post=1434"}],"version-history":[{"count":3,"href":"https:\/\/wp.sherparally.hu\/index.php\/wp-json\/wp\/v2\/posts\/1434\/revisions"}],"predecessor-version":[{"id":1439,"href":"https:\/\/wp.sherparally.hu\/index.php\/wp-json\/wp\/v2\/posts\/1434\/revisions\/1439"}],"wp:featuredmedia":[{"embeddable":true,"href":"https:\/\/wp.sherparally.hu\/index.php\/wp-json\/wp\/v2\/media\/1436"}],"wp:attachment":[{"href":"https:\/\/wp.sherparally.hu\/index.php\/wp-json\/wp\/v2\/media?parent=1434"}],"wp:term":[{"taxonomy":"category","embeddable":true,"href":"https:\/\/wp.sherparally.hu\/index.php\/wp-json\/wp\/v2\/categories?post=1434"},{"taxonomy":"post_tag","embeddable":true,"href":"https:\/\/wp.sherparally.hu\/index.php\/wp-json\/wp\/v2\/tags?post=1434"}],"curies":[{"name":"wp","href":"https:\/\/api.w.org\/{rel}","templated":true}]}}